{"id":51999,"date":"2025-12-01T22:25:20","date_gmt":"2025-12-02T01:25:20","guid":{"rendered":"http:\/\/scpa.org.br\/?p=51999"},"modified":"2025-12-01T22:25:24","modified_gmt":"2025-12-02T01:25:24","slug":"convite-especial-aos-participantes-do-seminario-femicro-rs","status":"publish","type":"post","link":"http:\/\/scpa.org.br\/index.php\/2025\/12\/01\/convite-especial-aos-participantes-do-seminario-femicro-rs\/","title":{"rendered":"Convite Especial aos Participantes do Semin\u00e1rio Femicro &#8211; RS"},"content":{"rendered":"\n<h3 class=\"wp-block-heading\"><strong>Para o 5\u00ba Semin\u00e1rio Networking Cont\u00e1bil \u2013 Porto Alegre<\/strong><\/h3>\n\n\n\n<p>Queridos colegas, profissionais da contabilidade, lideran\u00e7as empresariais, autoridades parceiras e todos que estiveram conosco no Semin\u00e1rio da Femicro-RS,<\/p>\n\n\n\n<p>Depois de um encontro t\u00e3o rico em di\u00e1logos, aprendizados e constru\u00e7\u00e3o coletiva, queremos convidar voc\u00ea a seguir ampliando essa jornada de conex\u00f5es e conhecimento.<\/p>\n\n\n\n<p>O&nbsp;<strong>5\u00ba Semin\u00e1rio Networking Cont\u00e1bil \u2013 Porto Alegre<\/strong>&nbsp;ser\u00e1 um novo espa\u00e7o para fortalecer nossa rede, aprofundar discuss\u00f5es essenciais para os pequenos neg\u00f3cios e expandir perspectivas em um momento decisivo para o setor cont\u00e1bil e empresarial.<\/p>\n\n\n\n<p>Ser\u00e1 uma tarde especial, preparada para inspirar, atualizar e conectar profissionais comprometidos com o desenvolvimento sustent\u00e1vel das MPEs, do ecossistema cont\u00e1bil e da economia regional.<\/p>\n\n\n\n<h3 class=\"wp-block-heading\">\ud83c\udf99\ufe0f&nbsp;<strong>Palestrantes Confirmados<\/strong><\/h3>\n\n\n\n<p>\u00b7&nbsp;&nbsp;&nbsp;&nbsp;&nbsp;&nbsp;&nbsp;&nbsp;<strong>Ladmir da Penha Carvalho<\/strong><br>Presidente e cofundador da Alterdata Software. Palestrante nacional e internacional, refer\u00eancia em gest\u00e3o, carreira e inova\u00e7\u00e3o.<\/p>\n\n\n\n<p>\u00b7&nbsp;&nbsp;&nbsp;&nbsp;&nbsp;&nbsp;&nbsp;&nbsp;<strong>Gustavo Caletti<\/strong><br>Empres\u00e1rio, contador, professor e mentor. Compartilha vis\u00e3o pr\u00e1tica, humana e estrat\u00e9gica sobre o futuro da contabilidade e das organiza\u00e7\u00f5es.<\/p>\n\n\n\n<h3 class=\"wp-block-heading\">\ud83d\udcc5&nbsp;<strong>28 de novembro<\/strong><\/h3>\n\n\n\n<h3 class=\"wp-block-heading\">\ud83d\udccd&nbsp;<strong>Sal\u00e3o Nobre do Pal\u00e1cio do Com\u00e9rcio \u2013 Porto Alegre<\/strong><\/h3>\n\n\n\n<p>Este \u00e9 um convite para que&nbsp;<strong>continuemos caminhando juntos<\/strong>, fortalecendo pontes e construindo um ambiente empresarial mais preparado, colaborativo e tecnicamente qualificado.<\/p>\n\n\n\n<p>A sua presen\u00e7a \u2013 assim como no Semin\u00e1rio Femicro-RS \u2013 faz diferen\u00e7a.<br>Cada olhar, cada troca, cada participa\u00e7\u00e3o agrega for\u00e7a \u00e0 defesa dos pequenos neg\u00f3cios, \u00e0 valoriza\u00e7\u00e3o da contabilidade e \u00e0 constru\u00e7\u00e3o de pol\u00edticas p\u00fablicas mais justas e eficazes.<\/p>\n\n\n\n<h3 class=\"wp-block-heading\">\ud83d\ude80&nbsp;<strong>Garanta sua vaga:<\/strong><\/h3>\n\n\n\n<p>Link na bio da Fecont\u00e1bil RS ou diretamente em:&nbsp;<strong><a rel=\"noreferrer noopener\" target=\"_blank\" href=\"https:\/\/bit.ly\/5Networking\">https:\/\/bit.ly\/5Networking<\/a><\/strong><\/p>\n\n\n\n<h3 class=\"wp-block-heading\">\ud83e\udd1d Entidades envolvidas<\/h3>\n\n\n\n<p><strong>Promo\u00e7\u00e3o:<\/strong>&nbsp;Fecont\u00e1bil RS<br><strong>Realiza\u00e7\u00e3o:<\/strong>&nbsp;Sindicont\u00e1bil Porto Alegre<br><strong>Apoio e patroc\u00ednios de grandes marcas que acreditam no desenvolvimento do setor.<\/strong><\/p>\n\n\n\n<p>Que possamos estar novamente juntos \u2014 compartilhando experi\u00eancias, fortalecendo nossa rede e preparando o caminho para um 2026 mais s\u00f3lido, humano e sustent\u00e1vel para quem empreende e para quem cuida do empreendedor.<\/p>\n\n\n\n<p><strong>Esperamos voc\u00ea!<\/strong><\/p>\n\n\n\n<p><strong>Lori Quevedo<\/strong><br>Vice Presidente&nbsp;<\/p>\n\n\n\n<p><strong>FEMICRO \/ RS<\/strong><\/p>\n\n\n\n<p><strong>Email<\/strong>:&nbsp;<a href=\"mailto:contato.femicro.rs@gmail.com\">contato.femicro.rs@gmail.com<\/a><\/p>\n\n\n\n<p><strong>Fone\/Whats<\/strong>: +55 51 98406-6168<\/p>\n","protected":false},"excerpt":{"rendered":"<p>Para o 5\u00ba Semin\u00e1rio Networking Cont\u00e1bil \u2013 Porto Alegre Queridos colegas, profissionais da contabilidade, lideran\u00e7as empresariais, autoridades parceiras e todos que estiveram conosco no Semin\u00e1rio da Femicro-RS, Depois de um encontro t\u00e3o rico em di\u00e1logos, aprendizados e constru\u00e7\u00e3o coletiva, queremos convidar voc\u00ea a seguir ampliando essa jornada de conex\u00f5es e conhecimento. O&nbsp;5\u00ba Semin\u00e1rio Networking Cont\u00e1bil [&hellip;]<\/p>\n","protected":false},"author":7,"featured_media":0,"comment_status":"closed","ping_status":"closed","sticky":false,"template":"","format":"standard","meta":{"_editorskit_title_hidden":false,"_editorskit_reading_time":0,"_editorskit_is_block_options_detached":false,"_editorskit_block_options_position":"{}","site-sidebar-layout":"default","site-content-layout":"","ast-site-content-layout":"default","site-content-style":"default","site-sidebar-style":"default","ast-global-header-display":"","ast-banner-title-visibility":"","ast-main-header-display":"","ast-hfb-above-header-display":"","ast-hfb-below-header-display":"","ast-hfb-mobile-header-display":"","site-post-title":"","ast-breadcrumbs-content":"","ast-featured-img":"","footer-sml-layout":"","ast-disable-related-posts":"","theme-transparent-header-meta":"","adv-header-id-meta":"","stick-header-meta":"","header-above-stick-meta":"","header-main-stick-meta":"","header-below-stick-meta":"","astra-migrate-meta-layouts":"set","ast-page-background-enabled":"default","ast-page-background-meta":{"desktop":{"background-color":"","background-image":"","background-repeat":"repeat","background-position":"center center","background-size":"auto","background-attachment":"scroll","background-type":"","background-media":"","overlay-type":"","overlay-color":"","overlay-opacity":"","overlay-gradient":""},"tablet":{"background-color":"","background-image":"","background-repeat":"repeat","background-position":"center center","background-size":"auto","background-attachment":"scroll","background-type":"","background-media":"","overlay-type":"","overlay-color":"","overlay-opacity":"","overlay-gradient":""},"mobile":{"background-color":"","background-image":"","background-repeat":"repeat","background-position":"center center","background-size":"auto","background-attachment":"scroll","background-type":"","background-media":"","overlay-type":"","overlay-color":"","overlay-opacity":"","overlay-gradient":""}},"ast-content-background-meta":{"desktop":{"background-color":"var(--ast-global-color-5)","background-image":"","background-repeat":"repeat","background-position":"center center","background-size":"auto","background-attachment":"scroll","background-type":"","background-media":"","overlay-type":"","overlay-color":"","overlay-opacity":"","overlay-gradient":""},"tablet":{"background-color":"var(--ast-global-color-5)","background-image":"","background-repeat":"repeat","background-position":"center center","background-size":"auto","background-attachment":"scroll","background-type":"","background-media":"","overlay-type":"","overlay-color":"","overlay-opacity":"","overlay-gradient":""},"mobile":{"background-color":"var(--ast-global-color-5)","background-image":"","background-repeat":"repeat","background-position":"center center","background-size":"auto","background-attachment":"scroll","background-type":"","background-media":"","overlay-type":"","overlay-color":"","overlay-opacity":"","overlay-gradient":""}},"_jetpack_memberships_contains_paid_content":false,"footnotes":""},"categories":[38,31],"tags":[],"class_list":["post-51999","post","type-post","status-publish","format-standard","hentry","category-eventos-datas-comemorativas","category-noticias"],"jetpack_featured_media_url":"","jetpack_sharing_enabled":true,"_links":{"self":[{"href":"http:\/\/scpa.org.br\/index.php\/wp-json\/wp\/v2\/posts\/51999","targetHints":{"allow":["GET"]}}],"collection":[{"href":"http:\/\/scpa.org.br\/index.php\/wp-json\/wp\/v2\/posts"}],"about":[{"href":"http:\/\/scpa.org.br\/index.php\/wp-json\/wp\/v2\/types\/post"}],"author":[{"embeddable":true,"href":"http:\/\/scpa.org.br\/index.php\/wp-json\/wp\/v2\/users\/7"}],"replies":[{"embeddable":true,"href":"http:\/\/scpa.org.br\/index.php\/wp-json\/wp\/v2\/comments?post=51999"}],"version-history":[{"count":1,"href":"http:\/\/scpa.org.br\/index.php\/wp-json\/wp\/v2\/posts\/51999\/revisions"}],"predecessor-version":[{"id":52000,"href":"http:\/\/scpa.org.br\/index.php\/wp-json\/wp\/v2\/posts\/51999\/revisions\/52000"}],"wp:attachment":[{"href":"http:\/\/scpa.org.br\/index.php\/wp-json\/wp\/v2\/media?parent=51999"}],"wp:term":[{"taxonomy":"category","embeddable":true,"href":"http:\/\/scpa.org.br\/index.php\/wp-json\/wp\/v2\/categories?post=51999"},{"taxonomy":"post_tag","embeddable":true,"href":"http:\/\/scpa.org.br\/index.php\/wp-json\/wp\/v2\/tags?post=51999"}],"curies":[{"name":"wp","href":"https:\/\/api.w.org\/{rel}","templated":true}]}}